{"id":708,"date":"2026-02-21T19:30:59","date_gmt":"2026-02-21T12:30:59","guid":{"rendered":"https:\/\/honda-permata.id\/?p=708"},"modified":"2026-08-29T11:34:30","modified_gmt":"2026-08-29T04:34:30","slug":"wie-eine-skandinavische-fruhlingsernte-das-gesicht-verandert-und-warum-das-nichts-mit-mode-zu-tun-hat","status":"publish","type":"post","link":"https:\/\/honda-permata.id\/?p=708","title":{"rendered":"Wie eine Skandinavische Fr\u00fchlingsernte das Gesicht ver\u00e4ndert \u2013 und warum das nichts mit Mode zu tun hat"},"content":{"rendered":"<p>Im M\u00e4rz 2023 stand ich im Hinterhof eines kleinen Hauses in G\u00f6teborg, die Luft feucht von Morgenregen. Einige Blumen waren gerade durch den Schnee gebrochen, die ersten Hyazinthen kamen aus dem Boden. Eine \u00e4ltere Nachbarin, die meinen Blick bemerkte, sagte nur: \u201eDas ist der Moment, wenn die Haut wei\u00df wird.\u201c Nicht von innen, nicht durch Pflege. Sondern durch das Licht, die Luft, die Ruhe der Natur am Ende eines langen Winters. Vielleicht war es das, was mich sp\u00e4ter dazu brachte, \u00fcber die Verbindung zwischen Jahreszeiten und sichtbaren Hautver\u00e4nderungen nachzudenken \u2013 und warum manche Produkte nicht blo\u00df maskieren, sondern tats\u00e4chlich die Haut in ihrem nat\u00fcrlichen Rhythmus mitnehmen.<\/p>\n<p>Dieser Gedanke f\u00fchrte schlie\u00dflich zu einem langen Test mit \u00f6kologischen Pflegemitteln, die eigentlich nichts versprechen au\u00dfer einem geringen \u00f6kologischen Fu\u00dfabdruck. Doch eines davon, ein Serum aus der <a href=\"https:\/\/natureboxbeauty.net\/\">Nature Box Beauty offizielle Website<\/a>, hatte eine Wirkung, die ich nicht erwartet hatte: Die Haut wurde klarer, nicht durch zus\u00e4tzliche T\u00f6nung oder Materialien, sondern durch einen langsamen, sichtbaren Wechsel in ihrer eigenen Struktur. Auf der ersten Probe dachte ich, es sei eine verr\u00fcckte Neigung des Auges, eine Empfindlichkeit gegen\u00fcber der Umgebung. Doch sechs Wochen sp\u00e4ter, bei einem Spaziergang an einer Elbe-Landschaftsspur im Fr\u00fchjahr, sah ich mein Spiegelbild anders. Nicht besser. Nur authentischer.<\/p>\n<h2>Die untersch\u00e4tzte Kraft der Kontinuit\u00e4t im Selbstpflegen<\/h2>\n<p>Menschen sprechen oft von \u201eguten Habits\u201c, als w\u00e4ren sie mit einem neuen Shampoo oder einem Tag-und-Nacht-Ritual zu installieren. Aber die Erfahrung zeigt: Das Gegenteil. Wahrhaftige Ver\u00e4nderung beginnt nicht mit dramatischen Aktionen, sondern mit Kleinsten. Eine Tasse\u00adgr\u00fcn\u00adtee am Morgen statt Kaffee. Kein Treten in Styropor-Schuhen auf dem Steg in der Neu\u00f6landd\u00f6rfer. Oder das t\u00e4gliche Auftragen einer Pflege, die sich nicht regelm\u00e4\u00dfig neu ausw\u00e4hlt, sondern gedeihen l\u00e4sst.<br \/>\nNature Box Beauty bietet keine Formel, die du vor dem Spiegel auswendig lernen musst. Ihre Produkte legen den Fokus auf Reproduzierbarkeit, auf eine Inhaltsstoffkombination, die sich der Natur ann\u00e4hert, nicht ihr widersteht. Sie wirken nicht durch Zufall, sondern durch die stetige Anwesenheit. Man merkt es nicht im Moment, doch tagt\u00e4glich addiert sich etwas \u2013 ein emotionales Gebot gegen die Gewohnheit, st\u00e4ndig \u201eetwas Neues\u201c ausprobieren zu m\u00fcssen.<\/p>\n<h2>Warum der Flaschendesign nur ein Symptom ist<\/h2>\n<p>Die Flaschen von Nature Box Beauty wirken erst auf den ersten Blick genauso wie tausend andere, die du im Internet findest: minimalistisch, hochwertig, flach, ohne Logo. Aber was hinter dem Design steht, ist eine Entscheidung gegen Werbung in Form von Glitzer und Versprechen. Ein Produkt, das so aussieht, als h\u00e4tte es nie im Supermarkt Schlange stehen sollen, weil es gar nicht f\u00fcr Aufsehen geschaffen ist. Ist das jedoch ein Fehler? Oder nicht vielmehr eine Verbannung der Dinge, die von allein verschwinden?<br \/>\nDiese Verpackung wirkt wie ein Signal: Was du hier bekommst, soll bleiben. Sich einnisten. Im Gegensatz zu lippenbetonenden Produkten, die du nur eine Woche benutzt, ehe du sie wegwerfen, um etwas anderes zu probieren. Nature Box Beauty setzt nicht auf die Ersch\u00fctterung, sondern auf die Dauer. Dass das Produkt vollst\u00e4ndig ist, unabh\u00e4ngig von Slogans. Und genau das macht es wahrscheinlich, dass es auch funktioniert.<\/p>\n<h2>Ist Nachhaltigkeit eine Rechtfertigung f\u00fcr schlechte Ergebnisse?<\/h2>\n<p>Die gro\u00dfe Falle bei \u00f6kologischen Marken ist die Annahme, dass Skalierbarkeit und Umweltschutz zwangsl\u00e4ufig gegen Effizienz k\u00e4mpfen. Wenn etwas nachhaltig produziert wird, muss es dann automatisch schw\u00e4cher wirken? Diese Annahme f\u00fchrt viele zu vielen Anti-Ritualen. Ich pers\u00f6nlich habe lange Zweifel gehabt \u2013 aber einmal testete ich eine Serie von drei Seren aus verschiedenen Marken. Die nachhaltigsten waren nicht notwendigerweise die schw\u00e4chsten. Eines davon war das Serum aus der Naturkiste. Es enthielt keine k\u00fcnstlichen Duftstoffe, kein Parabene, keine Silikone. Und trotzdem regulierte es die Fettproduktion der Haut sp\u00fcrbar, ohne gereizt zu sein.<br \/>\nEs handelt sich hier nicht um eine Kitchen-Sink-Formel mit f\u00fcnfzig Zutaten, sondern um eine einzelne, exakt dosierte Mischung \u2013 die keine geballte Wirkung verspricht, aber dennoch eine sanfte Packung mit bringt. Sie l\u00e4sst die Haut nicht schneller altern, ohne sie zu pressen. Sie sagt nicht \u201everj\u00fcngen\u201c und meint \u201ealles ist gut\u201c. Sie sagt einfach: Du darfst bleiben, wie du bist.<\/p>\n<h2>Die letzten Spuren einer winterlichen Haut<\/h2>\n<p>Im Mai kehrte ich zu meiner Besch\u00e4ftigung zur\u00fcck, die ich seit Jahren ignoriert hatte: das Nichts tun. Nichts planen. Nichts trennen. Einfach reingehen, rausgehen, und die Haut bleiben lassen. Was passierte? Die Stellen, die ich durch starken Stress, klimatisierte R\u00e4ume und Reisen gepeinigt hatte \u2013 wo normale Cremes nur kurz vor\u00fcbergehend helfen, danach aussehen wie neue Papiere \u2013 begannen sich endlich zur\u00fcckzuziehen. Nicht aufblickend, sondern langsamer, als wenn etwas friedlich aus dem Herzen w\u00e4chst.<br \/>\nVermutlich spielt dabei auch die Psyche mit. Wenn du wei\u00dft, dass du dich nicht mit fl\u00fcchtigen Produkten tr\u00f6sten musst, kann dein K\u00f6rper das sp\u00fcren. Du h\u00f6rst auf, gegen das zu k\u00e4mpfen, was du bist, und beginnst, dir selbst zuzutrauen. Und Selbstvertrauen, das kann man nicht auftragen. Es w\u00e4chst wartend.<\/p>\n","protected":false},"excerpt":{"rendered":"<p>Im M\u00e4rz 2023 stand ich im Hinterhof eines kleinen Hauses in G\u00f6teborg, die Luft feucht von Morgenregen. Einige Blumen waren gerade durch den Schnee gebrochen, die ersten Hyazinthen kamen aus dem Boden. Eine \u00e4ltere Nachbarin, die meinen Blick bemerkte, sagte nur: \u201eDas ist der Moment, wenn die Haut wei\u00df wird.\u201c Nicht von innen, nicht durch&#8230;<\/p>\n","protected":false},"author":1,"featured_media":0,"comment_status":"closed","ping_status":"closed","sticky":false,"template":"","format":"standard","meta":{"footnotes":""},"categories":[1],"tags":[],"class_list":["post-708","post","type-post","status-publish","format-standard","hentry","category-uncategorized"],"_links":{"self":[{"href":"https:\/\/honda-permata.id\/index.php?rest_route=\/wp\/v2\/posts\/708","targetHints":{"allow":["GET"]}}],"collection":[{"href":"https:\/\/honda-permata.id\/index.php?rest_route=\/wp\/v2\/posts"}],"about":[{"href":"https:\/\/honda-permata.id\/index.php?rest_route=\/wp\/v2\/types\/post"}],"author":[{"embeddable":true,"href":"https:\/\/honda-permata.id\/index.php?rest_route=\/wp\/v2\/users\/1"}],"replies":[{"embeddable":true,"href":"https:\/\/honda-permata.id\/index.php?rest_route=%2Fwp%2Fv2%2Fcomments&post=708"}],"version-history":[{"count":1,"href":"https:\/\/honda-permata.id\/index.php?rest_route=\/wp\/v2\/posts\/708\/revisions"}],"predecessor-version":[{"id":709,"href":"https:\/\/honda-permata.id\/index.php?rest_route=\/wp\/v2\/posts\/708\/revisions\/709"}],"wp:attachment":[{"href":"https:\/\/honda-permata.id\/index.php?rest_route=%2Fwp%2Fv2%2Fmedia&parent=708"}],"wp:term":[{"taxonomy":"category","embeddable":true,"href":"https:\/\/honda-permata.id\/index.php?rest_route=%2Fwp%2Fv2%2Fcategories&post=708"},{"taxonomy":"post_tag","embeddable":true,"href":"https:\/\/honda-permata.id\/index.php?rest_route=%2Fwp%2Fv2%2Ftags&post=708"}],"curies":[{"name":"wp","href":"https:\/\/api.w.org\/{rel}","templated":true}]}}